{"id":5609,"date":"2019-01-16T13:45:07","date_gmt":"2019-01-16T12:45:07","guid":{"rendered":"http:\/\/www.friup.ch\/retrouvez-nous-au-salon-de-lentreprise\/"},"modified":"2019-01-16T14:03:13","modified_gmt":"2019-01-16T13:03:13","slug":"retrouvez-nous-au-salon-de-lentreprise","status":"publish","type":"post","link":"https:\/\/old.friup.ch\/de\/retrouvez-nous-au-salon-de-lentreprise\/","title":{"rendered":"Wir empfangen Sie gerne am Salon de l&#8217;Entreprise Bulle!"},"content":{"rendered":"<p>Feiern wir zusammen 30 Jahre Unterst\u00fctzung f\u00fcr die Freiburger Innovation!<\/p>\n<p>Im Rahmen des 1. Salon de l&#8217;entreprise in Bulle laden wir Sie herzlich ein, ein Gl\u00e4schen mit uns zu heben.<\/p>\n<p>Wir empfangen Sie gerne am <strong>Donnerstag 17. Januar von 16 Uhr bis 17 Uhr auf dem Stand 39.<\/strong><b><\/b><\/p>\n<p>Bis bald!<\/p>\n","protected":false},"excerpt":{"rendered":"<p>Feiern wir zusammen 30 Jahre Unterst\u00fctzung f\u00fcr die Freiburger Innovation! Im Rahmen des 1. Salon de l&#8217;entreprise in Bulle laden wir Sie herzlich ein, ein Gl\u00e4schen mit uns zu heben. Wir empfangen Sie gerne am Donnerstag 17. Januar von 16 Uhr bis 17 Uhr auf dem Stand 39. Bis bald!<\/p>\n","protected":false},"author":3,"featured_media":5611,"comment_status":"closed","ping_status":"open","sticky":false,"template":"","format":"standard","meta":{"wp_mapbox_gl_js_media":[]},"categories":[45],"tags":[],"acf":[],"yoast_head":"<!-- This site is optimized with the Yoast SEO plugin v19.14 - https:\/\/yoast.com\/wordpress\/plugins\/seo\/ -->\n<title>Wir empfangen Sie gerne am Salon de l&#039;Entreprise Bulle! - Fri Up<\/title>\n<meta name=\"robots\" content=\"index, follow, max-snippet:-1, max-image-preview:large, max-video-preview:-1\" \/>\n<link rel=\"canonical\" href=\"https:\/\/old.friup.ch\/de\/retrouvez-nous-au-salon-de-lentreprise\/\" \/>\n<meta property=\"og:locale\" content=\"de_DE\" \/>\n<meta property=\"og:type\" content=\"article\" \/>\n<meta property=\"og:title\" content=\"Wir empfangen Sie gerne am Salon de l&#039;Entreprise Bulle! - Fri Up\" \/>\n<meta property=\"og:description\" content=\"Feiern wir zusammen 30 Jahre Unterst\u00fctzung f\u00fcr die Freiburger Innovation! Im Rahmen des 1. Salon de l&#8217;entreprise in Bulle laden wir Sie herzlich ein, ein Gl\u00e4schen mit uns zu heben. Wir empfangen Sie gerne am Donnerstag 17. Januar von 16 Uhr bis 17 Uhr auf dem Stand 39. Bis bald!\" \/>\n<meta property=\"og:url\" content=\"https:\/\/old.friup.ch\/de\/retrouvez-nous-au-salon-de-lentreprise\/\" \/>\n<meta property=\"og:site_name\" content=\"Fri Up\" \/>\n<meta property=\"article:published_time\" content=\"2019-01-16T12:45:07+00:00\" \/>\n<meta property=\"article:modified_time\" content=\"2019-01-16T13:03:13+00:00\" \/>\n<meta property=\"og:image\" content=\"https:\/\/old.friup.ch\/wp-content\/uploads\/2019\/01\/New-ap\u00e9ro-30-ans-DE-800-x-600.png\" \/>\n\t<meta property=\"og:image:width\" content=\"800\" \/>\n\t<meta property=\"og:image:height\" content=\"600\" \/>\n\t<meta property=\"og:image:type\" content=\"image\/png\" \/>\n<meta name=\"author\" content=\"Fri Up\" \/>\n<meta name=\"twitter:card\" content=\"summary_large_image\" \/>\n<meta name=\"twitter:label1\" content=\"Verfasst von\" \/>\n\t<meta name=\"twitter:data1\" content=\"Fri Up\" \/>\n<script type=\"application\/ld+json\" class=\"yoast-schema-graph\">{\"@context\":\"https:\/\/schema.org\",\"@graph\":[{\"@type\":\"WebPage\",\"@id\":\"https:\/\/old.friup.ch\/de\/retrouvez-nous-au-salon-de-lentreprise\/\",\"url\":\"https:\/\/old.friup.ch\/de\/retrouvez-nous-au-salon-de-lentreprise\/\",\"name\":\"Wir empfangen Sie gerne am Salon de l'Entreprise Bulle! - Fri Up\",\"isPartOf\":{\"@id\":\"https:\/\/old.friup.ch\/#website\"},\"datePublished\":\"2019-01-16T12:45:07+00:00\",\"dateModified\":\"2019-01-16T13:03:13+00:00\",\"author\":{\"@id\":\"https:\/\/old.friup.ch\/#\/schema\/person\/021c0346ab6e1194021b984f73e9988a\"},\"breadcrumb\":{\"@id\":\"https:\/\/old.friup.ch\/de\/retrouvez-nous-au-salon-de-lentreprise\/#breadcrumb\"},\"inLanguage\":\"de\",\"potentialAction\":[{\"@type\":\"ReadAction\",\"target\":[\"https:\/\/old.friup.ch\/de\/retrouvez-nous-au-salon-de-lentreprise\/\"]}]},{\"@type\":\"BreadcrumbList\",\"@id\":\"https:\/\/old.friup.ch\/de\/retrouvez-nous-au-salon-de-lentreprise\/#breadcrumb\",\"itemListElement\":[{\"@type\":\"ListItem\",\"position\":1,\"name\":\"Home\",\"item\":\"https:\/\/old.friup.ch\/de\/\"},{\"@type\":\"ListItem\",\"position\":2,\"name\":\"Wir empfangen Sie gerne am Salon de l&#8217;Entreprise Bulle!\"}]},{\"@type\":\"WebSite\",\"@id\":\"https:\/\/old.friup.ch\/#website\",\"url\":\"https:\/\/old.friup.ch\/\",\"name\":\"Fri Up\",\"description\":\"Soutien \u00e0 l&#039;innovation fribourgeoise\",\"potentialAction\":[{\"@type\":\"SearchAction\",\"target\":{\"@type\":\"EntryPoint\",\"urlTemplate\":\"https:\/\/old.friup.ch\/?s={search_term_string}\"},\"query-input\":\"required name=search_term_string\"}],\"inLanguage\":\"de\"},{\"@type\":\"Person\",\"@id\":\"https:\/\/old.friup.ch\/#\/schema\/person\/021c0346ab6e1194021b984f73e9988a\",\"name\":\"Fri Up\",\"image\":{\"@type\":\"ImageObject\",\"inLanguage\":\"de\",\"@id\":\"https:\/\/old.friup.ch\/#\/schema\/person\/image\/\",\"url\":\"https:\/\/secure.gravatar.com\/avatar\/7252f9afd67906ba1c5b028378f9a53b?s=96&d=mm&r=g\",\"contentUrl\":\"https:\/\/secure.gravatar.com\/avatar\/7252f9afd67906ba1c5b028378f9a53b?s=96&d=mm&r=g\",\"caption\":\"Fri Up\"},\"url\":\"https:\/\/old.friup.ch\/de\/author\/fri556\/\"}]}<\/script>\n<!-- \/ Yoast SEO plugin. -->","yoast_head_json":{"title":"Wir empfangen Sie gerne am Salon de l'Entreprise Bulle! - Fri Up","robots":{"index":"index","follow":"follow","max-snippet":"max-snippet:-1","max-image-preview":"max-image-preview:large","max-video-preview":"max-video-preview:-1"},"canonical":"https:\/\/old.friup.ch\/de\/retrouvez-nous-au-salon-de-lentreprise\/","og_locale":"de_DE","og_type":"article","og_title":"Wir empfangen Sie gerne am Salon de l'Entreprise Bulle! - Fri Up","og_description":"Feiern wir zusammen 30 Jahre Unterst\u00fctzung f\u00fcr die Freiburger Innovation! Im Rahmen des 1. Salon de l&#8217;entreprise in Bulle laden wir Sie herzlich ein, ein Gl\u00e4schen mit uns zu heben. Wir empfangen Sie gerne am Donnerstag 17. Januar von 16 Uhr bis 17 Uhr auf dem Stand 39. Bis bald!","og_url":"https:\/\/old.friup.ch\/de\/retrouvez-nous-au-salon-de-lentreprise\/","og_site_name":"Fri Up","article_published_time":"2019-01-16T12:45:07+00:00","article_modified_time":"2019-01-16T13:03:13+00:00","og_image":[{"width":800,"height":600,"url":"https:\/\/old.friup.ch\/wp-content\/uploads\/2019\/01\/New-ap\u00e9ro-30-ans-DE-800-x-600.png","type":"image\/png"}],"author":"Fri Up","twitter_card":"summary_large_image","twitter_misc":{"Verfasst von":"Fri Up"},"schema":{"@context":"https:\/\/schema.org","@graph":[{"@type":"WebPage","@id":"https:\/\/old.friup.ch\/de\/retrouvez-nous-au-salon-de-lentreprise\/","url":"https:\/\/old.friup.ch\/de\/retrouvez-nous-au-salon-de-lentreprise\/","name":"Wir empfangen Sie gerne am Salon de l'Entreprise Bulle! - Fri Up","isPartOf":{"@id":"https:\/\/old.friup.ch\/#website"},"datePublished":"2019-01-16T12:45:07+00:00","dateModified":"2019-01-16T13:03:13+00:00","author":{"@id":"https:\/\/old.friup.ch\/#\/schema\/person\/021c0346ab6e1194021b984f73e9988a"},"breadcrumb":{"@id":"https:\/\/old.friup.ch\/de\/retrouvez-nous-au-salon-de-lentreprise\/#breadcrumb"},"inLanguage":"de","potentialAction":[{"@type":"ReadAction","target":["https:\/\/old.friup.ch\/de\/retrouvez-nous-au-salon-de-lentreprise\/"]}]},{"@type":"BreadcrumbList","@id":"https:\/\/old.friup.ch\/de\/retrouvez-nous-au-salon-de-lentreprise\/#breadcrumb","itemListElement":[{"@type":"ListItem","position":1,"name":"Home","item":"https:\/\/old.friup.ch\/de\/"},{"@type":"ListItem","position":2,"name":"Wir empfangen Sie gerne am Salon de l&#8217;Entreprise Bulle!"}]},{"@type":"WebSite","@id":"https:\/\/old.friup.ch\/#website","url":"https:\/\/old.friup.ch\/","name":"Fri Up","description":"Soutien \u00e0 l&#039;innovation fribourgeoise","potentialAction":[{"@type":"SearchAction","target":{"@type":"EntryPoint","urlTemplate":"https:\/\/old.friup.ch\/?s={search_term_string}"},"query-input":"required name=search_term_string"}],"inLanguage":"de"},{"@type":"Person","@id":"https:\/\/old.friup.ch\/#\/schema\/person\/021c0346ab6e1194021b984f73e9988a","name":"Fri Up","image":{"@type":"ImageObject","inLanguage":"de","@id":"https:\/\/old.friup.ch\/#\/schema\/person\/image\/","url":"https:\/\/secure.gravatar.com\/avatar\/7252f9afd67906ba1c5b028378f9a53b?s=96&d=mm&r=g","contentUrl":"https:\/\/secure.gravatar.com\/avatar\/7252f9afd67906ba1c5b028378f9a53b?s=96&d=mm&r=g","caption":"Fri Up"},"url":"https:\/\/old.friup.ch\/de\/author\/fri556\/"}]}},"_links":{"self":[{"href":"https:\/\/old.friup.ch\/de\/wp-json\/wp\/v2\/posts\/5609"}],"collection":[{"href":"https:\/\/old.friup.ch\/de\/wp-json\/wp\/v2\/posts"}],"about":[{"href":"https:\/\/old.friup.ch\/de\/wp-json\/wp\/v2\/types\/post"}],"author":[{"embeddable":true,"href":"https:\/\/old.friup.ch\/de\/wp-json\/wp\/v2\/users\/3"}],"replies":[{"embeddable":true,"href":"https:\/\/old.friup.ch\/de\/wp-json\/wp\/v2\/comments?post=5609"}],"version-history":[{"count":2,"href":"https:\/\/old.friup.ch\/de\/wp-json\/wp\/v2\/posts\/5609\/revisions"}],"predecessor-version":[{"id":5610,"href":"https:\/\/old.friup.ch\/de\/wp-json\/wp\/v2\/posts\/5609\/revisions\/5610"}],"wp:featuredmedia":[{"embeddable":true,"href":"https:\/\/old.friup.ch\/de\/wp-json\/wp\/v2\/media\/5611"}],"wp:attachment":[{"href":"https:\/\/old.friup.ch\/de\/wp-json\/wp\/v2\/media?parent=5609"}],"wp:term":[{"taxonomy":"category","embeddable":true,"href":"https:\/\/old.friup.ch\/de\/wp-json\/wp\/v2\/categories?post=5609"},{"taxonomy":"post_tag","embeddable":true,"href":"https:\/\/old.friup.ch\/de\/wp-json\/wp\/v2\/tags?post=5609"}],"curies":[{"name":"wp","href":"https:\/\/api.w.org\/{rel}","templated":true}]}}